{"id":671,"date":"2022-05-24T13:12:16","date_gmt":"2022-05-24T11:12:16","guid":{"rendered":"https:\/\/www.label-blouse.net\/blog\/?p=671"},"modified":"2022-05-24T13:12:16","modified_gmt":"2022-05-24T11:12:16","slug":"qui-paye-les-vetements-de-travail","status":"publish","type":"post","link":"https:\/\/www.label-blouse.net\/blog\/qui-paye-les-vetements-de-travail\/","title":{"rendered":"Qui paye les v\u00eatements de travail ?"},"content":{"rendered":"<h1>Qui doit payer pour les v\u00eatements de travail ?<\/h1>\n<p>Que l&rsquo;on soit dirigeant ou salari\u00e9, on est en droit de se poser la question : qui doit payer les v\u00eatements de travail ? Si c&rsquo;est \u00e0 l&#8217;employeur de le faire, y a-t-il des conditions particuli\u00e8res ? Enfin, qui doit prendre en charge l&rsquo;entretien des v\u00eatements de travail fournis ? On vous explique.<\/p>\n<h2>L&rsquo;achat des v\u00eatements de travail<\/h2>\n<p>&nbsp;<\/p>\n<p><img loading=\"lazy\" decoding=\"async\" class=\"wp-image-791 aligncenter\" src=\"https:\/\/www.label-blouse.net\/blog\/wp-content\/uploads\/2022\/05\/pexels-maitree-rimthong-1602726-300x200.jpg\" alt=\"\" width=\"529\" height=\"352\" srcset=\"https:\/\/www.label-blouse.net\/blog\/wp-content\/uploads\/2022\/05\/pexels-maitree-rimthong-1602726-300x200.jpg 300w, https:\/\/www.label-blouse.net\/blog\/wp-content\/uploads\/2022\/05\/pexels-maitree-rimthong-1602726-1024x683.jpg 1024w, https:\/\/www.label-blouse.net\/blog\/wp-content\/uploads\/2022\/05\/pexels-maitree-rimthong-1602726-768x512.jpg 768w, https:\/\/www.label-blouse.net\/blog\/wp-content\/uploads\/2022\/05\/pexels-maitree-rimthong-1602726-1536x1024.jpg 1536w, https:\/\/www.label-blouse.net\/blog\/wp-content\/uploads\/2022\/05\/pexels-maitree-rimthong-1602726-2048x1365.jpg 2048w, https:\/\/www.label-blouse.net\/blog\/wp-content\/uploads\/2022\/05\/pexels-maitree-rimthong-1602726-450x300.jpg 450w\" sizes=\"auto, (max-width: 529px) 100vw, 529px\" \/><\/p>\n<h3><\/h3>\n<h3>Qui fournit les v\u00eatements de travail ?<\/h3>\n<p>La loi stipule que le salari\u00e9 ne peut pas avoir l&rsquo;obligation de s&rsquo;habiller d&rsquo;une certaine mani\u00e8re au travail. Cependant, une exception permet \u00e0 l&rsquo;entreprise d&rsquo;imposer une <a href=\"https:\/\/www.label-blouse.net\/vetement-de-travail-640\/\">tenue de travail<\/a>. Le code du travail est clair :<\/p>\n<ul>\n<li>L&#8217;employeur met \u00e0 la disposition des travailleurs les \u00e9quipements de travail n\u00e9cessaires, appropri\u00e9s au travail \u00e0 r\u00e9aliser ou convenablement adapt\u00e9s \u00e0 cet effet, en vue de pr\u00e9server leur sant\u00e9 et leur s\u00e9curit\u00e9. (Article R4321-1)<\/li>\n<li>L&#8217;employeur met \u00e0 la disposition des travailleurs, en tant que de besoin, les \u00e9quipements de protection individuelle appropri\u00e9s et, lorsque le caract\u00e8re particuli\u00e8rement insalubre ou salissant des travaux l&rsquo;exige, les v\u00eatements de travail appropri\u00e9s. (Article R4321-4)<\/li>\n<\/ul>\n<p>C&rsquo;est donc <strong>\u00e0 l&#8217;employeur de fournir les v\u00eatements de travail aux employ\u00e9s<\/strong>, lorsque leur activit\u00e9 est <strong>salissante<\/strong> ou peut les mettre en <strong>danger<\/strong>.<\/p>\n<h3>V\u00eatements de protection et v\u00eatements de travail<\/h3>\n<p>Tandis que le port de v\u00eatements <a href=\"https:\/\/www.label-blouse.net\/epi-1091\/?\">EPI (\u00c9quipements de Protection Individuelle)<\/a> est r\u00e8glement\u00e9, le port de v\u00eatements de travail peut faire d\u00e9bat. Lorsqu&rsquo;un v\u00eatement de travail n&rsquo;a pas pour vocation \u00e0 pr\u00e9server la sant\u00e9 et la s\u00e9curit\u00e9 du salari\u00e9, on peut l&rsquo;appeler v\u00eatement de travail. Ces tenues de travail sont \u00e9galement \u00e0 la charge de l&#8217;employeur, si l&rsquo;activit\u00e9 du salari\u00e9s est salissante. Que ce soit pour prot\u00e9ger les v\u00eatements civils ou la peau, le v\u00eatement de travail est consid\u00e9r\u00e9 comme du mat\u00e9riel \u00e0 la charge de l&#8217;employeur.<\/p>\n<p>On constate donc dans le code du travail que l&#8217;employeur doit fournir une tenue de travail ad\u00e9quate toute activit\u00e9 salissante ou dangereuse. Cela inclut notamment les v\u00eatements EPI (\u00c9quipements de Protection Individuelle), qui garantissent la s\u00e9curit\u00e9 des professionnels.<\/p>\n<h3>Qui doit payer les v\u00eatements de travail ?<\/h3>\n<p>Le port de v\u00eatement de travail est n\u00e9cessaire dans un environnement sale ou pr\u00e9sentant des risques pour la sant\u00e9 des salari\u00e9s. On doit alors imp\u00e9rativement se munir d&rsquo;une tenue adapt\u00e9e. Cette tenue de travail peut co\u00fbter plus ou moins cher en fonction de l&rsquo;activit\u00e9 professionnelle ou du lieu de travail.<\/p>\n<p>&nbsp;<\/p>\n<figure id=\"attachment_793\" aria-describedby=\"caption-attachment-793\" style=\"width: 468px\" class=\"wp-caption aligncenter\"><img loading=\"lazy\" decoding=\"async\" class=\"wp-image-793\" src=\"https:\/\/www.label-blouse.net\/blog\/wp-content\/uploads\/2022\/05\/pexels-rik-schots-11624252-300x200.jpg\" alt=\"\" width=\"468\" height=\"312\" srcset=\"https:\/\/www.label-blouse.net\/blog\/wp-content\/uploads\/2022\/05\/pexels-rik-schots-11624252-300x200.jpg 300w, https:\/\/www.label-blouse.net\/blog\/wp-content\/uploads\/2022\/05\/pexels-rik-schots-11624252-1024x683.jpg 1024w, https:\/\/www.label-blouse.net\/blog\/wp-content\/uploads\/2022\/05\/pexels-rik-schots-11624252-768x512.jpg 768w, https:\/\/www.label-blouse.net\/blog\/wp-content\/uploads\/2022\/05\/pexels-rik-schots-11624252-1536x1024.jpg 1536w, https:\/\/www.label-blouse.net\/blog\/wp-content\/uploads\/2022\/05\/pexels-rik-schots-11624252-2048x1365.jpg 2048w, https:\/\/www.label-blouse.net\/blog\/wp-content\/uploads\/2022\/05\/pexels-rik-schots-11624252-450x300.jpg 450w\" sizes=\"auto, (max-width: 468px) 100vw, 468px\" \/><figcaption id=\"caption-attachment-793\" class=\"wp-caption-text\">Un v\u00eatement de protection est exclusivement \u00e0 la charge de l&#8217;employeur<\/figcaption><\/figure>\n<p>&nbsp;<\/p>\n<p>Si l&#8217;employeur se doit de fournir une tenue \u00e0 ses salari\u00e9s, il doit prendre en charge leur co\u00fbt. Les salari\u00e9s n&rsquo;ont pas \u00e0 participer aux frais de leur tenue de travail. Que ce soit pour les chaussures de s\u00e9curit\u00e9 ou pour tout v\u00eatement de protection, l&#8217;employeur est responsable de la mise \u00e0 disposition gratuite d&rsquo;un \u00e9quipement en bon \u00e9tat.<\/p>\n<h2>L&rsquo;entretien des v\u00eatements de travail<\/h2>\n<p>Comme pour leur achat et mise \u00e0 disposition, l&rsquo;entretien des v\u00eatements de travail est prise en charge par l&#8217;employeur. Comme \u00e9crit dans l&rsquo;article L4122-2 du code du travail : les mesures prises en mati\u00e8re d&rsquo;hygi\u00e8ne et de s\u00e9curit\u00e9 ne doivent entra\u00eener aucune charge financi\u00e8re pour les salari\u00e9s. Cela inclut les v\u00eatements de travail, tout comme l&rsquo;\u00e9quipement de protection suppl\u00e9mentaire pouvant \u00eatre n\u00e9cessaire.<\/p>\n<p>Cette r\u00e8gle est particuli\u00e8rement importante lorsqu&rsquo;il s&rsquo;agit de v\u00eatements de protection adapt\u00e9s \u00e0 un environnement de travail dangereux. En effet, des v\u00eatements de travail mal entretenus ne conservent pas leur efficacit\u00e9 de protection optimale. Cela pourrait mettre les salari\u00e9s en danger. Que ce soit pour des v\u00eatements de protection ou des chaussures de s\u00e9curit\u00e9, un entretien ou lavage quotidien est recommand\u00e9.<\/p>\n<p>&nbsp;<\/p>\n<p>Si vous souhaitez en savoir plus sur le v\u00eatement de travail et son entretien, consultez notre article <a href=\"https:\/\/www.label-blouse.net\/blog\/comment-laver-son-vetement-de-travail\/\">Comment laver son v\u00eatement de travail ?<\/a><\/p>\n<p>&nbsp;<\/p>\n<p style=\"text-align: center;\"><strong>Vous avez des questions ?<\/strong> <a href=\"https:\/\/www.label-blouse.net\/nous-contacter\"><strong>Contactez-nous<\/strong><\/a> <strong>!<\/strong><\/p>\n","protected":false},"excerpt":{"rendered":"<p>Qui doit payer pour les v\u00eatements de travail ? Que l&rsquo;on soit dirigeant ou salari\u00e9, on est en droit de se poser la question : qui doit payer les v\u00eatements de travail ? Si c&rsquo;est \u00e0 l&#8217;employeur de le faire, y a-t-il des conditions particuli\u00e8res ? Enfin, qui doit prendre en charge l&rsquo;entretien des v\u00eatements &#8230; <a title=\"Qui paye les v\u00eatements de travail ?\" class=\"read-more\" href=\"https:\/\/www.label-blouse.net\/blog\/qui-paye-les-vetements-de-travail\/\" aria-label=\"Plus sur Qui paye les v\u00eatements de travail ?\">Lire plus<\/a><\/p>\n","protected":false},"author":1,"featured_media":791,"comment_status":"closed","ping_status":"closed","sticky":false,"template":"","format":"standard","meta":{"footnotes":""},"categories":[55,56,57],"tags":[14,32,74,75,76],"class_list":["post-671","post","type-post","status-publish","format-standard","has-post-thumbnail","hentry","category-medical","category-cuisine","category-workwear","tag-vetement-de-travail","tag-vetement","tag-payer","tag-employeur","tag-salarie"],"yoast_head":"<!-- This site is optimized with the Yoast SEO plugin v27.5 - https:\/\/yoast.com\/product\/yoast-seo-wordpress\/ -->\n<title>Qui paye les v\u00eatements de travail ? - Le Blog Label Blouse<\/title>\n<meta name=\"description\" content=\"Vous devez porter des v\u00eatements de travail de protection, mais qui doit payer pour cet achat \u00e0 caract\u00e8re professionnel ? On vous explique.\" \/>\n<meta name=\"robots\" content=\"index, follow, max-snippet:-1, max-image-preview:large, max-video-preview:-1\" \/>\n<link rel=\"canonical\" href=\"https:\/\/www.label-blouse.net\/blog\/qui-paye-les-vetements-de-travail\/\" \/>\n<meta property=\"og:locale\" content=\"fr_FR\" \/>\n<meta property=\"og:type\" content=\"article\" \/>\n<meta property=\"og:title\" content=\"Qui paye les v\u00eatements de travail ? - Le Blog Label Blouse\" \/>\n<meta property=\"og:description\" content=\"Vous devez porter des v\u00eatements de travail de protection, mais qui doit payer pour cet achat \u00e0 caract\u00e8re professionnel ? On vous explique.\" \/>\n<meta property=\"og:url\" content=\"https:\/\/www.label-blouse.net\/blog\/qui-paye-les-vetements-de-travail\/\" \/>\n<meta property=\"og:site_name\" content=\"Le Blog Label Blouse\" \/>\n<meta property=\"article:published_time\" content=\"2022-05-24T11:12:16+00:00\" \/>\n<meta property=\"og:image\" content=\"https:\/\/www.label-blouse.net\/blog\/wp-content\/uploads\/2022\/05\/pexels-maitree-rimthong-1602726-scaled.jpg\" \/>\n\t<meta property=\"og:image:width\" content=\"2560\" \/>\n\t<meta property=\"og:image:height\" content=\"1707\" \/>\n\t<meta property=\"og:image:type\" content=\"image\/jpeg\" \/>\n<meta name=\"author\" content=\"Label Blouse\" \/>\n<meta name=\"twitter:card\" content=\"summary_large_image\" \/>\n<meta name=\"twitter:label1\" content=\"\u00c9crit par\" \/>\n\t<meta name=\"twitter:data1\" content=\"Label Blouse\" \/>\n\t<meta name=\"twitter:label2\" content=\"Dur\u00e9e de lecture estim\u00e9e\" \/>\n\t<meta name=\"twitter:data2\" content=\"4 minutes\" \/>\n<script type=\"application\/ld+json\" class=\"yoast-schema-graph\">{\"@context\":\"https:\\\/\\\/schema.org\",\"@graph\":[{\"@type\":\"Article\",\"@id\":\"https:\\\/\\\/www.label-blouse.net\\\/blog\\\/qui-paye-les-vetements-de-travail\\\/#article\",\"isPartOf\":{\"@id\":\"https:\\\/\\\/www.label-blouse.net\\\/blog\\\/qui-paye-les-vetements-de-travail\\\/\"},\"author\":{\"name\":\"Label Blouse\",\"@id\":\"https:\\\/\\\/www.label-blouse.net\\\/blog\\\/#\\\/schema\\\/person\\\/afe256d9778a106c0fb6687fb1c7cf04\"},\"headline\":\"Qui paye les v\u00eatements de travail ?\",\"datePublished\":\"2022-05-24T11:12:16+00:00\",\"mainEntityOfPage\":{\"@id\":\"https:\\\/\\\/www.label-blouse.net\\\/blog\\\/qui-paye-les-vetements-de-travail\\\/\"},\"wordCount\":691,\"publisher\":{\"@id\":\"https:\\\/\\\/www.label-blouse.net\\\/blog\\\/#organization\"},\"image\":{\"@id\":\"https:\\\/\\\/www.label-blouse.net\\\/blog\\\/qui-paye-les-vetements-de-travail\\\/#primaryimage\"},\"thumbnailUrl\":\"https:\\\/\\\/www.label-blouse.net\\\/blog\\\/wp-content\\\/uploads\\\/2022\\\/05\\\/pexels-maitree-rimthong-1602726-scaled.jpg\",\"keywords\":[\"v\u00eatement de travail\",\"v\u00eatement\",\"payer\",\"employeur\",\"salari\u00e9\"],\"articleSection\":[\"M\u00e9dical\",\"Cuisine\",\"Workwear\"],\"inLanguage\":\"fr-FR\"},{\"@type\":\"WebPage\",\"@id\":\"https:\\\/\\\/www.label-blouse.net\\\/blog\\\/qui-paye-les-vetements-de-travail\\\/\",\"url\":\"https:\\\/\\\/www.label-blouse.net\\\/blog\\\/qui-paye-les-vetements-de-travail\\\/\",\"name\":\"Qui paye les v\u00eatements de travail ? - Le Blog Label Blouse\",\"isPartOf\":{\"@id\":\"https:\\\/\\\/www.label-blouse.net\\\/blog\\\/#website\"},\"primaryImageOfPage\":{\"@id\":\"https:\\\/\\\/www.label-blouse.net\\\/blog\\\/qui-paye-les-vetements-de-travail\\\/#primaryimage\"},\"image\":{\"@id\":\"https:\\\/\\\/www.label-blouse.net\\\/blog\\\/qui-paye-les-vetements-de-travail\\\/#primaryimage\"},\"thumbnailUrl\":\"https:\\\/\\\/www.label-blouse.net\\\/blog\\\/wp-content\\\/uploads\\\/2022\\\/05\\\/pexels-maitree-rimthong-1602726-scaled.jpg\",\"datePublished\":\"2022-05-24T11:12:16+00:00\",\"description\":\"Vous devez porter des v\u00eatements de travail de protection, mais qui doit payer pour cet achat \u00e0 caract\u00e8re professionnel ? On vous explique.\",\"breadcrumb\":{\"@id\":\"https:\\\/\\\/www.label-blouse.net\\\/blog\\\/qui-paye-les-vetements-de-travail\\\/#breadcrumb\"},\"inLanguage\":\"fr-FR\",\"potentialAction\":[{\"@type\":\"ReadAction\",\"target\":[\"https:\\\/\\\/www.label-blouse.net\\\/blog\\\/qui-paye-les-vetements-de-travail\\\/\"]}]},{\"@type\":\"ImageObject\",\"inLanguage\":\"fr-FR\",\"@id\":\"https:\\\/\\\/www.label-blouse.net\\\/blog\\\/qui-paye-les-vetements-de-travail\\\/#primaryimage\",\"url\":\"https:\\\/\\\/www.label-blouse.net\\\/blog\\\/wp-content\\\/uploads\\\/2022\\\/05\\\/pexels-maitree-rimthong-1602726-scaled.jpg\",\"contentUrl\":\"https:\\\/\\\/www.label-blouse.net\\\/blog\\\/wp-content\\\/uploads\\\/2022\\\/05\\\/pexels-maitree-rimthong-1602726-scaled.jpg\",\"width\":2560,\"height\":1707},{\"@type\":\"BreadcrumbList\",\"@id\":\"https:\\\/\\\/www.label-blouse.net\\\/blog\\\/qui-paye-les-vetements-de-travail\\\/#breadcrumb\",\"itemListElement\":[{\"@type\":\"ListItem\",\"position\":1,\"name\":\"Accueil\",\"item\":\"https:\\\/\\\/www.label-blouse.net\\\/blog\\\/\"},{\"@type\":\"ListItem\",\"position\":2,\"name\":\"Qui paye les v\u00eatements de travail ?\"}]},{\"@type\":\"WebSite\",\"@id\":\"https:\\\/\\\/www.label-blouse.net\\\/blog\\\/#website\",\"url\":\"https:\\\/\\\/www.label-blouse.net\\\/blog\\\/\",\"name\":\"Le Blog Label Blouse\",\"description\":\"Des v\u00eatements de professionnel, pour les professionnels\",\"publisher\":{\"@id\":\"https:\\\/\\\/www.label-blouse.net\\\/blog\\\/#organization\"},\"potentialAction\":[{\"@type\":\"SearchAction\",\"target\":{\"@type\":\"EntryPoint\",\"urlTemplate\":\"https:\\\/\\\/www.label-blouse.net\\\/blog\\\/?s={search_term_string}\"},\"query-input\":{\"@type\":\"PropertyValueSpecification\",\"valueRequired\":true,\"valueName\":\"search_term_string\"}}],\"inLanguage\":\"fr-FR\"},{\"@type\":\"Organization\",\"@id\":\"https:\\\/\\\/www.label-blouse.net\\\/blog\\\/#organization\",\"name\":\"Le Blog Label Blouse\",\"url\":\"https:\\\/\\\/www.label-blouse.net\\\/blog\\\/\",\"logo\":{\"@type\":\"ImageObject\",\"inLanguage\":\"fr-FR\",\"@id\":\"https:\\\/\\\/www.label-blouse.net\\\/blog\\\/#\\\/schema\\\/logo\\\/image\\\/\",\"url\":\"https:\\\/\\\/www.label-blouse.net\\\/blog\\\/wp-content\\\/uploads\\\/2021\\\/07\\\/cropped-cropped-cropped-cropped-cropped-vetement-travail-logo-label-1-1.png\",\"contentUrl\":\"https:\\\/\\\/www.label-blouse.net\\\/blog\\\/wp-content\\\/uploads\\\/2021\\\/07\\\/cropped-cropped-cropped-cropped-cropped-vetement-travail-logo-label-1-1.png\",\"width\":270,\"height\":46,\"caption\":\"Le Blog Label Blouse\"},\"image\":{\"@id\":\"https:\\\/\\\/www.label-blouse.net\\\/blog\\\/#\\\/schema\\\/logo\\\/image\\\/\"}},{\"@type\":\"Person\",\"@id\":\"https:\\\/\\\/www.label-blouse.net\\\/blog\\\/#\\\/schema\\\/person\\\/afe256d9778a106c0fb6687fb1c7cf04\",\"name\":\"Label Blouse\",\"image\":{\"@type\":\"ImageObject\",\"inLanguage\":\"fr-FR\",\"@id\":\"https:\\\/\\\/secure.gravatar.com\\\/avatar\\\/ae8d00bccd2343ecda406fab24aa72d85b3a6942b1b03c8eead988f016ca8282?s=96&d=mm&r=g\",\"url\":\"https:\\\/\\\/secure.gravatar.com\\\/avatar\\\/ae8d00bccd2343ecda406fab24aa72d85b3a6942b1b03c8eead988f016ca8282?s=96&d=mm&r=g\",\"contentUrl\":\"https:\\\/\\\/secure.gravatar.com\\\/avatar\\\/ae8d00bccd2343ecda406fab24aa72d85b3a6942b1b03c8eead988f016ca8282?s=96&d=mm&r=g\",\"caption\":\"Label Blouse\"},\"sameAs\":[\"http:\\\/\\\/label-blouse.net\\\/blog\"]}]}<\/script>\n<!-- \/ Yoast SEO plugin. -->","yoast_head_json":{"title":"Qui paye les v\u00eatements de travail ? - Le Blog Label Blouse","description":"Vous devez porter des v\u00eatements de travail de protection, mais qui doit payer pour cet achat \u00e0 caract\u00e8re professionnel ? On vous explique.","robots":{"index":"index","follow":"follow","max-snippet":"max-snippet:-1","max-image-preview":"max-image-preview:large","max-video-preview":"max-video-preview:-1"},"canonical":"https:\/\/www.label-blouse.net\/blog\/qui-paye-les-vetements-de-travail\/","og_locale":"fr_FR","og_type":"article","og_title":"Qui paye les v\u00eatements de travail ? - Le Blog Label Blouse","og_description":"Vous devez porter des v\u00eatements de travail de protection, mais qui doit payer pour cet achat \u00e0 caract\u00e8re professionnel ? On vous explique.","og_url":"https:\/\/www.label-blouse.net\/blog\/qui-paye-les-vetements-de-travail\/","og_site_name":"Le Blog Label Blouse","article_published_time":"2022-05-24T11:12:16+00:00","og_image":[{"width":2560,"height":1707,"url":"https:\/\/www.label-blouse.net\/blog\/wp-content\/uploads\/2022\/05\/pexels-maitree-rimthong-1602726-scaled.jpg","type":"image\/jpeg"}],"author":"Label Blouse","twitter_card":"summary_large_image","twitter_misc":{"\u00c9crit par":"Label Blouse","Dur\u00e9e de lecture estim\u00e9e":"4 minutes"},"schema":{"@context":"https:\/\/schema.org","@graph":[{"@type":"Article","@id":"https:\/\/www.label-blouse.net\/blog\/qui-paye-les-vetements-de-travail\/#article","isPartOf":{"@id":"https:\/\/www.label-blouse.net\/blog\/qui-paye-les-vetements-de-travail\/"},"author":{"name":"Label Blouse","@id":"https:\/\/www.label-blouse.net\/blog\/#\/schema\/person\/afe256d9778a106c0fb6687fb1c7cf04"},"headline":"Qui paye les v\u00eatements de travail ?","datePublished":"2022-05-24T11:12:16+00:00","mainEntityOfPage":{"@id":"https:\/\/www.label-blouse.net\/blog\/qui-paye-les-vetements-de-travail\/"},"wordCount":691,"publisher":{"@id":"https:\/\/www.label-blouse.net\/blog\/#organization"},"image":{"@id":"https:\/\/www.label-blouse.net\/blog\/qui-paye-les-vetements-de-travail\/#primaryimage"},"thumbnailUrl":"https:\/\/www.label-blouse.net\/blog\/wp-content\/uploads\/2022\/05\/pexels-maitree-rimthong-1602726-scaled.jpg","keywords":["v\u00eatement de travail","v\u00eatement","payer","employeur","salari\u00e9"],"articleSection":["M\u00e9dical","Cuisine","Workwear"],"inLanguage":"fr-FR"},{"@type":"WebPage","@id":"https:\/\/www.label-blouse.net\/blog\/qui-paye-les-vetements-de-travail\/","url":"https:\/\/www.label-blouse.net\/blog\/qui-paye-les-vetements-de-travail\/","name":"Qui paye les v\u00eatements de travail ? - Le Blog Label Blouse","isPartOf":{"@id":"https:\/\/www.label-blouse.net\/blog\/#website"},"primaryImageOfPage":{"@id":"https:\/\/www.label-blouse.net\/blog\/qui-paye-les-vetements-de-travail\/#primaryimage"},"image":{"@id":"https:\/\/www.label-blouse.net\/blog\/qui-paye-les-vetements-de-travail\/#primaryimage"},"thumbnailUrl":"https:\/\/www.label-blouse.net\/blog\/wp-content\/uploads\/2022\/05\/pexels-maitree-rimthong-1602726-scaled.jpg","datePublished":"2022-05-24T11:12:16+00:00","description":"Vous devez porter des v\u00eatements de travail de protection, mais qui doit payer pour cet achat \u00e0 caract\u00e8re professionnel ? On vous explique.","breadcrumb":{"@id":"https:\/\/www.label-blouse.net\/blog\/qui-paye-les-vetements-de-travail\/#breadcrumb"},"inLanguage":"fr-FR","potentialAction":[{"@type":"ReadAction","target":["https:\/\/www.label-blouse.net\/blog\/qui-paye-les-vetements-de-travail\/"]}]},{"@type":"ImageObject","inLanguage":"fr-FR","@id":"https:\/\/www.label-blouse.net\/blog\/qui-paye-les-vetements-de-travail\/#primaryimage","url":"https:\/\/www.label-blouse.net\/blog\/wp-content\/uploads\/2022\/05\/pexels-maitree-rimthong-1602726-scaled.jpg","contentUrl":"https:\/\/www.label-blouse.net\/blog\/wp-content\/uploads\/2022\/05\/pexels-maitree-rimthong-1602726-scaled.jpg","width":2560,"height":1707},{"@type":"BreadcrumbList","@id":"https:\/\/www.label-blouse.net\/blog\/qui-paye-les-vetements-de-travail\/#breadcrumb","itemListElement":[{"@type":"ListItem","position":1,"name":"Accueil","item":"https:\/\/www.label-blouse.net\/blog\/"},{"@type":"ListItem","position":2,"name":"Qui paye les v\u00eatements de travail ?"}]},{"@type":"WebSite","@id":"https:\/\/www.label-blouse.net\/blog\/#website","url":"https:\/\/www.label-blouse.net\/blog\/","name":"Le Blog Label Blouse","description":"Des v\u00eatements de professionnel, pour les professionnels","publisher":{"@id":"https:\/\/www.label-blouse.net\/blog\/#organization"},"potentialAction":[{"@type":"SearchAction","target":{"@type":"EntryPoint","urlTemplate":"https:\/\/www.label-blouse.net\/blog\/?s={search_term_string}"},"query-input":{"@type":"PropertyValueSpecification","valueRequired":true,"valueName":"search_term_string"}}],"inLanguage":"fr-FR"},{"@type":"Organization","@id":"https:\/\/www.label-blouse.net\/blog\/#organization","name":"Le Blog Label Blouse","url":"https:\/\/www.label-blouse.net\/blog\/","logo":{"@type":"ImageObject","inLanguage":"fr-FR","@id":"https:\/\/www.label-blouse.net\/blog\/#\/schema\/logo\/image\/","url":"https:\/\/www.label-blouse.net\/blog\/wp-content\/uploads\/2021\/07\/cropped-cropped-cropped-cropped-cropped-vetement-travail-logo-label-1-1.png","contentUrl":"https:\/\/www.label-blouse.net\/blog\/wp-content\/uploads\/2021\/07\/cropped-cropped-cropped-cropped-cropped-vetement-travail-logo-label-1-1.png","width":270,"height":46,"caption":"Le Blog Label Blouse"},"image":{"@id":"https:\/\/www.label-blouse.net\/blog\/#\/schema\/logo\/image\/"}},{"@type":"Person","@id":"https:\/\/www.label-blouse.net\/blog\/#\/schema\/person\/afe256d9778a106c0fb6687fb1c7cf04","name":"Label Blouse","image":{"@type":"ImageObject","inLanguage":"fr-FR","@id":"https:\/\/secure.gravatar.com\/avatar\/ae8d00bccd2343ecda406fab24aa72d85b3a6942b1b03c8eead988f016ca8282?s=96&d=mm&r=g","url":"https:\/\/secure.gravatar.com\/avatar\/ae8d00bccd2343ecda406fab24aa72d85b3a6942b1b03c8eead988f016ca8282?s=96&d=mm&r=g","contentUrl":"https:\/\/secure.gravatar.com\/avatar\/ae8d00bccd2343ecda406fab24aa72d85b3a6942b1b03c8eead988f016ca8282?s=96&d=mm&r=g","caption":"Label Blouse"},"sameAs":["http:\/\/label-blouse.net\/blog"]}]}},"_links":{"self":[{"href":"https:\/\/www.label-blouse.net\/blog\/wp-json\/wp\/v2\/posts\/671","targetHints":{"allow":["GET"]}}],"collection":[{"href":"https:\/\/www.label-blouse.net\/blog\/wp-json\/wp\/v2\/posts"}],"about":[{"href":"https:\/\/www.label-blouse.net\/blog\/wp-json\/wp\/v2\/types\/post"}],"author":[{"embeddable":true,"href":"https:\/\/www.label-blouse.net\/blog\/wp-json\/wp\/v2\/users\/1"}],"replies":[{"embeddable":true,"href":"https:\/\/www.label-blouse.net\/blog\/wp-json\/wp\/v2\/comments?post=671"}],"version-history":[{"count":10,"href":"https:\/\/www.label-blouse.net\/blog\/wp-json\/wp\/v2\/posts\/671\/revisions"}],"predecessor-version":[{"id":795,"href":"https:\/\/www.label-blouse.net\/blog\/wp-json\/wp\/v2\/posts\/671\/revisions\/795"}],"wp:featuredmedia":[{"embeddable":true,"href":"https:\/\/www.label-blouse.net\/blog\/wp-json\/wp\/v2\/media\/791"}],"wp:attachment":[{"href":"https:\/\/www.label-blouse.net\/blog\/wp-json\/wp\/v2\/media?parent=671"}],"wp:term":[{"taxonomy":"category","embeddable":true,"href":"https:\/\/www.label-blouse.net\/blog\/wp-json\/wp\/v2\/categories?post=671"},{"taxonomy":"post_tag","embeddable":true,"href":"https:\/\/www.label-blouse.net\/blog\/wp-json\/wp\/v2\/tags?post=671"}],"curies":[{"name":"wp","href":"https:\/\/api.w.org\/{rel}","templated":true}]}}